{"id":104,"date":"2010-04-03T11:57:55","date_gmt":"2010-04-03T10:57:55","guid":{"rendered":"http:\/\/www.ftteam.com\/blogg\/?p=104"},"modified":"2010-04-03T11:57:55","modified_gmt":"2010-04-03T10:57:55","slug":"forfragan-till-er-lasare-mata-en-b234f","status":"publish","type":"post","link":"https:\/\/www.ftteam.com\/blogg\/2010\/04\/03\/forfragan-till-er-lasare-mata-en-b234f\/","title":{"rendered":"F\u00f6rfr\u00e5gan till er l\u00e4sare: M\u00e4ta en B234F???"},"content":{"rendered":"<p>D\u00e5 jag inte \u00e4ger n\u00e5gon B234F \u00e4n s\u00e5 skulle det vara v\u00e4ldigt trevligt om n\u00e5gon v\u00e4nlig sj\u00e4l bland er som l\u00e4ser detta och som r\u00e5kar besitta en B234F skulle vilja ta fram tumstocken och m\u00e4ta upp motorn som om den vore rakst\u00e4lld! Bredd \u00f6ver topp, \u00f6ver topp inkl insug, n\u00f6g motorn \u00e4r fr\u00e5n tr\u00e5get och upp \u00e4r de viktigaste m\u00e5tten. \ud83d\ude42 Tack p\u00e5 f\u00f6rhand! \ud83d\ude00 \ud83d\ude00 \ud83d\ude00<\/p>\n","protected":false},"excerpt":{"rendered":"<p>D\u00e5 jag inte \u00e4ger n\u00e5gon B234F \u00e4n s\u00e5 skulle det vara v\u00e4ldigt trevligt om ngn v\u00e4nlig sj\u00e4l bland er som l\u00e4ser detta och som r\u00e5kar besitta en B234F skulle vilja ta fram tumstocken och m\u00e4ta upp motorn som om den vore rakst\u00e4lld! Bredd \u00f6ver topp, \u00f6ver topp inkl insug, n\u00f6g motorn \u00e4r fr\u00e5n tr\u00e5get och upp \u00e4r de viktigaste m\u00e5tten. \ud83d\ude42 Tack p\u00e5 f\u00f6rhand! \ud83d\ude00 \ud83d\ude00 \ud83d\ude00<\/p>\n","protected":false},"author":1,"featured_media":0,"comment_status":"open","ping_status":"open","sticky":false,"template":"","format":"standard","meta":{"_jetpack_newsletter_access":"","_jetpack_dont_email_post_to_subs":false,"_jetpack_newsletter_tier_id":0,"_jetpack_memberships_contains_paywalled_content":false,"_jetpack_feature_clip_id":0,"_jetpack_memberships_contains_paid_content":false,"footnotes":"","jetpack_publicize_message":"","jetpack_publicize_feature_enabled":true,"jetpack_social_post_already_shared":false,"jetpack_social_options":{"image_generator_settings":{"template":"highway","default_image_id":0,"font":"","enabled":false},"version":2},"jetpack_post_was_ever_published":false},"categories":[4,22],"tags":[10,11,15,24,26,16,25,7,17,13,23,9],"class_list":["post-104","post","type-post","status-publish","format-standard","hentry","category-bil-nytt","category-linmp-27","tag-anderstorp","tag-bakhjulsdrift","tag-dekaler","tag-esab","tag-kallbandsag","tag-locost","tag-mig","tag-racing","tag-seven","tag-sponsorer","tag-svetsa","tag-trimmad-volvo"],"aioseo_notices":[],"aioseo_head":"\n\t\t<!-- All in One SEO 5.0.1.1 - aioseo.com -->\n\t<meta name=\"description\" content=\"D\u00e5 jag inte \u00e4ger n\u00e5gon B234F \u00e4n s\u00e5 skulle det vara v\u00e4ldigt trevligt om ngn v\u00e4nlig sj\u00e4l bland er som l\u00e4ser detta och som r\u00e5kar besitta en B234F skulle vilja ta fram tumstocken och m\u00e4ta upp motorn som om den vore rakst\u00e4lld! Bredd \u00f6ver topp, \u00f6ver topp inkl insug, n\u00f6g motorn \u00e4r fr\u00e5n tr\u00e5get och upp \u00e4r de viktigaste m\u00e5tten. :) Tack p\u00e5 f\u00f6rhand! :D :D :D\" \/>\n\t<meta name=\"robots\" content=\"max-image-preview:large\" \/>\n\t<meta name=\"author\" content=\"Peter Lindberg\"\/>\n\t<meta name=\"google-site-verification\" content=\"google-site-verification=BnWBfCytI37KLYbuGLhARZA4MmrhvjLrEIiryOxeWnQ\" \/>\n\t<link rel=\"canonical\" href=\"https:\/\/www.ftteam.com\/blogg\/2010\/04\/03\/forfragan-till-er-lasare-mata-en-b234f\/\" \/>\n\t<meta name=\"generator\" content=\"All in One SEO (AIOSEO) 5.0.1.1\" \/>\n\t\t<script type=\"application\/ld+json\" class=\"aioseo-schema\">\n\t\t\t{\"@context\":\"https:\\\/\\\/schema.org\",\"@graph\":[{\"@type\":\"Article\",\"@id\":\"https:\\\/\\\/www.ftteam.com\\\/blogg\\\/2010\\\/04\\\/03\\\/forfragan-till-er-lasare-mata-en-b234f\\\/#article\",\"name\":\"M\\u00e4ta en B234F?? N\\u00e5gon sn\\u00e4ll? | FT Racing (Limpans SpeedShop)\",\"headline\":\"F\\u00f6rfr\\u00e5gan till er l\\u00e4sare: M\\u00e4ta en B234F???\",\"author\":{\"@id\":\"https:\\\/\\\/www.ftteam.com\\\/blogg\\\/author\\\/admin\\\/#author\"},\"publisher\":{\"@id\":\"https:\\\/\\\/www.ftteam.com\\\/blogg\\\/#organization\"},\"datePublished\":\"2010-04-03T11:57:55+01:00\",\"dateModified\":\"2010-04-03T11:57:55+01:00\",\"inLanguage\":\"en-US\",\"mainEntityOfPage\":{\"@id\":\"https:\\\/\\\/www.ftteam.com\\\/blogg\\\/2010\\\/04\\\/03\\\/forfragan-till-er-lasare-mata-en-b234f\\\/#webpage\"},\"isPartOf\":{\"@id\":\"https:\\\/\\\/www.ftteam.com\\\/blogg\\\/2010\\\/04\\\/03\\\/forfragan-till-er-lasare-mata-en-b234f\\\/#webpage\"},\"articleSection\":\"Bil-Nytt, LinMP-2\\\/7, Anderstorp, bakhjulsdrift, dekaler, ESAB, kallbands\\u00e5g, locost, mig, racing, seven, sponsorer, svetsa, trimmad volvo\"},{\"@type\":\"BreadcrumbList\",\"@id\":\"https:\\\/\\\/www.ftteam.com\\\/blogg\\\/2010\\\/04\\\/03\\\/forfragan-till-er-lasare-mata-en-b234f\\\/#breadcrumblist\",\"itemListElement\":[{\"@type\":\"ListItem\",\"@id\":\"https:\\\/\\\/www.ftteam.com\\\/blogg#listItem\",\"position\":1,\"name\":\"Home\",\"item\":\"https:\\\/\\\/www.ftteam.com\\\/blogg\",\"nextItem\":{\"@type\":\"ListItem\",\"@id\":\"https:\\\/\\\/www.ftteam.com\\\/blogg\\\/category\\\/bil-nytt\\\/#listItem\",\"name\":\"Bil-Nytt\"}},{\"@type\":\"ListItem\",\"@id\":\"https:\\\/\\\/www.ftteam.com\\\/blogg\\\/category\\\/bil-nytt\\\/#listItem\",\"position\":2,\"name\":\"Bil-Nytt\",\"item\":\"https:\\\/\\\/www.ftteam.com\\\/blogg\\\/category\\\/bil-nytt\\\/\",\"nextItem\":{\"@type\":\"ListItem\",\"@id\":\"https:\\\/\\\/www.ftteam.com\\\/blogg\\\/2010\\\/04\\\/03\\\/forfragan-till-er-lasare-mata-en-b234f\\\/#listItem\",\"name\":\"F\\u00f6rfr\\u00e5gan till er l\\u00e4sare: M\\u00e4ta en B234F???\"},\"previousItem\":{\"@type\":\"ListItem\",\"@id\":\"https:\\\/\\\/www.ftteam.com\\\/blogg#listItem\",\"name\":\"Home\"}},{\"@type\":\"ListItem\",\"@id\":\"https:\\\/\\\/www.ftteam.com\\\/blogg\\\/2010\\\/04\\\/03\\\/forfragan-till-er-lasare-mata-en-b234f\\\/#listItem\",\"position\":3,\"name\":\"F\\u00f6rfr\\u00e5gan till er l\\u00e4sare: M\\u00e4ta en B234F???\",\"previousItem\":{\"@type\":\"ListItem\",\"@id\":\"https:\\\/\\\/www.ftteam.com\\\/blogg\\\/category\\\/bil-nytt\\\/#listItem\",\"name\":\"Bil-Nytt\"}}]},{\"@type\":\"Organization\",\"@id\":\"https:\\\/\\\/www.ftteam.com\\\/blogg\\\/#organization\",\"name\":\"The Paradise Garage Show\",\"description\":\"The Home for FT Racing\",\"url\":\"https:\\\/\\\/www.ftteam.com\\\/blogg\\\/\",\"telephone\":\"+46703757375\"},{\"@type\":\"Person\",\"@id\":\"https:\\\/\\\/www.ftteam.com\\\/blogg\\\/author\\\/admin\\\/#author\",\"url\":\"https:\\\/\\\/www.ftteam.com\\\/blogg\\\/author\\\/admin\\\/\",\"name\":\"Peter Lindberg\",\"image\":{\"@type\":\"ImageObject\",\"@id\":\"https:\\\/\\\/www.ftteam.com\\\/blogg\\\/2010\\\/04\\\/03\\\/forfragan-till-er-lasare-mata-en-b234f\\\/#authorImage\",\"url\":\"https:\\\/\\\/www.ftteam.com\\\/blogg\\\/wp-content\\\/wphb-cache\\\/gravatar\\\/98a\\\/98a1906e00f52a8f2bce21874ee0ce36x96.jpg\",\"width\":96,\"height\":96,\"caption\":\"Peter Lindberg\"}},{\"@type\":\"WebPage\",\"@id\":\"https:\\\/\\\/www.ftteam.com\\\/blogg\\\/2010\\\/04\\\/03\\\/forfragan-till-er-lasare-mata-en-b234f\\\/#webpage\",\"url\":\"https:\\\/\\\/www.ftteam.com\\\/blogg\\\/2010\\\/04\\\/03\\\/forfragan-till-er-lasare-mata-en-b234f\\\/\",\"name\":\"M\\u00e4ta en B234F?? N\\u00e5gon sn\\u00e4ll? | FT Racing (Limpans SpeedShop)\",\"description\":\"D\\u00e5 jag inte \\u00e4ger n\\u00e5gon B234F \\u00e4n s\\u00e5 skulle det vara v\\u00e4ldigt trevligt om ngn v\\u00e4nlig sj\\u00e4l bland er som l\\u00e4ser detta och som r\\u00e5kar besitta en B234F skulle vilja ta fram tumstocken och m\\u00e4ta upp motorn som om den vore rakst\\u00e4lld! Bredd \\u00f6ver topp, \\u00f6ver topp inkl insug, n\\u00f6g motorn \\u00e4r fr\\u00e5n tr\\u00e5get och upp \\u00e4r de viktigaste m\\u00e5tten. :) Tack p\\u00e5 f\\u00f6rhand! :D :D :D\",\"inLanguage\":\"en-US\",\"isPartOf\":{\"@id\":\"https:\\\/\\\/www.ftteam.com\\\/blogg\\\/#website\"},\"breadcrumb\":{\"@id\":\"https:\\\/\\\/www.ftteam.com\\\/blogg\\\/2010\\\/04\\\/03\\\/forfragan-till-er-lasare-mata-en-b234f\\\/#breadcrumblist\"},\"author\":{\"@id\":\"https:\\\/\\\/www.ftteam.com\\\/blogg\\\/author\\\/admin\\\/#author\"},\"creator\":{\"@id\":\"https:\\\/\\\/www.ftteam.com\\\/blogg\\\/author\\\/admin\\\/#author\"},\"datePublished\":\"2010-04-03T11:57:55+01:00\",\"dateModified\":\"2010-04-03T11:57:55+01:00\"},{\"@type\":\"WebSite\",\"@id\":\"https:\\\/\\\/www.ftteam.com\\\/blogg\\\/#website\",\"url\":\"https:\\\/\\\/www.ftteam.com\\\/blogg\\\/\",\"name\":\"FT Racing (Limpans SpeedShop)\",\"description\":\"The Home for FT Racing\",\"inLanguage\":\"en-US\",\"publisher\":{\"@id\":\"https:\\\/\\\/www.ftteam.com\\\/blogg\\\/#organization\"}}]}\n\t\t<\/script>\n\t\t<!-- All in One SEO -->\n\n","aioseo_head_json":{"title":"M\u00e4ta en B234F?? N\u00e5gon sn\u00e4ll? | FT Racing (Limpans SpeedShop)","description":"D\u00e5 jag inte \u00e4ger n\u00e5gon B234F \u00e4n s\u00e5 skulle det vara v\u00e4ldigt trevligt om ngn v\u00e4nlig sj\u00e4l bland er som l\u00e4ser detta och som r\u00e5kar besitta en B234F skulle vilja ta fram tumstocken och m\u00e4ta upp motorn som om den vore rakst\u00e4lld! Bredd \u00f6ver topp, \u00f6ver topp inkl insug, n\u00f6g motorn \u00e4r fr\u00e5n tr\u00e5get och upp \u00e4r de viktigaste m\u00e5tten. :) Tack p\u00e5 f\u00f6rhand! :D :D :D","canonical_url":"https:\/\/www.ftteam.com\/blogg\/2010\/04\/03\/forfragan-till-er-lasare-mata-en-b234f\/","robots":"max-image-preview:large","keywords":"","webmasterTools":{"google-site-verification":"google-site-verification=BnWBfCytI37KLYbuGLhARZA4MmrhvjLrEIiryOxeWnQ","miscellaneous":""},"schema":{"@context":"https:\/\/schema.org","@graph":[{"@type":"Article","@id":"https:\/\/www.ftteam.com\/blogg\/2010\/04\/03\/forfragan-till-er-lasare-mata-en-b234f\/#article","name":"M\u00e4ta en B234F?? N\u00e5gon sn\u00e4ll? | FT Racing (Limpans SpeedShop)","headline":"F\u00f6rfr\u00e5gan till er l\u00e4sare: M\u00e4ta en B234F???","author":{"@id":"https:\/\/www.ftteam.com\/blogg\/author\/admin\/#author"},"publisher":{"@id":"https:\/\/www.ftteam.com\/blogg\/#organization"},"datePublished":"2010-04-03T11:57:55+01:00","dateModified":"2010-04-03T11:57:55+01:00","inLanguage":"en-US","mainEntityOfPage":{"@id":"https:\/\/www.ftteam.com\/blogg\/2010\/04\/03\/forfragan-till-er-lasare-mata-en-b234f\/#webpage"},"isPartOf":{"@id":"https:\/\/www.ftteam.com\/blogg\/2010\/04\/03\/forfragan-till-er-lasare-mata-en-b234f\/#webpage"},"articleSection":"Bil-Nytt, LinMP-2\/7, Anderstorp, bakhjulsdrift, dekaler, ESAB, kallbands\u00e5g, locost, mig, racing, seven, sponsorer, svetsa, trimmad volvo"},{"@type":"BreadcrumbList","@id":"https:\/\/www.ftteam.com\/blogg\/2010\/04\/03\/forfragan-till-er-lasare-mata-en-b234f\/#breadcrumblist","itemListElement":[{"@type":"ListItem","@id":"https:\/\/www.ftteam.com\/blogg#listItem","position":1,"name":"Home","item":"https:\/\/www.ftteam.com\/blogg","nextItem":{"@type":"ListItem","@id":"https:\/\/www.ftteam.com\/blogg\/category\/bil-nytt\/#listItem","name":"Bil-Nytt"}},{"@type":"ListItem","@id":"https:\/\/www.ftteam.com\/blogg\/category\/bil-nytt\/#listItem","position":2,"name":"Bil-Nytt","item":"https:\/\/www.ftteam.com\/blogg\/category\/bil-nytt\/","nextItem":{"@type":"ListItem","@id":"https:\/\/www.ftteam.com\/blogg\/2010\/04\/03\/forfragan-till-er-lasare-mata-en-b234f\/#listItem","name":"F\u00f6rfr\u00e5gan till er l\u00e4sare: M\u00e4ta en B234F???"},"previousItem":{"@type":"ListItem","@id":"https:\/\/www.ftteam.com\/blogg#listItem","name":"Home"}},{"@type":"ListItem","@id":"https:\/\/www.ftteam.com\/blogg\/2010\/04\/03\/forfragan-till-er-lasare-mata-en-b234f\/#listItem","position":3,"name":"F\u00f6rfr\u00e5gan till er l\u00e4sare: M\u00e4ta en B234F???","previousItem":{"@type":"ListItem","@id":"https:\/\/www.ftteam.com\/blogg\/category\/bil-nytt\/#listItem","name":"Bil-Nytt"}}]},{"@type":"Organization","@id":"https:\/\/www.ftteam.com\/blogg\/#organization","name":"The Paradise Garage Show","description":"The Home for FT Racing","url":"https:\/\/www.ftteam.com\/blogg\/","telephone":"+46703757375"},{"@type":"Person","@id":"https:\/\/www.ftteam.com\/blogg\/author\/admin\/#author","url":"https:\/\/www.ftteam.com\/blogg\/author\/admin\/","name":"Peter Lindberg","image":{"@type":"ImageObject","@id":"https:\/\/www.ftteam.com\/blogg\/2010\/04\/03\/forfragan-till-er-lasare-mata-en-b234f\/#authorImage","url":"https:\/\/www.ftteam.com\/blogg\/wp-content\/wphb-cache\/gravatar\/98a\/98a1906e00f52a8f2bce21874ee0ce36x96.jpg","width":96,"height":96,"caption":"Peter Lindberg"}},{"@type":"WebPage","@id":"https:\/\/www.ftteam.com\/blogg\/2010\/04\/03\/forfragan-till-er-lasare-mata-en-b234f\/#webpage","url":"https:\/\/www.ftteam.com\/blogg\/2010\/04\/03\/forfragan-till-er-lasare-mata-en-b234f\/","name":"M\u00e4ta en B234F?? N\u00e5gon sn\u00e4ll? | FT Racing (Limpans SpeedShop)","description":"D\u00e5 jag inte \u00e4ger n\u00e5gon B234F \u00e4n s\u00e5 skulle det vara v\u00e4ldigt trevligt om ngn v\u00e4nlig sj\u00e4l bland er som l\u00e4ser detta och som r\u00e5kar besitta en B234F skulle vilja ta fram tumstocken och m\u00e4ta upp motorn som om den vore rakst\u00e4lld! Bredd \u00f6ver topp, \u00f6ver topp inkl insug, n\u00f6g motorn \u00e4r fr\u00e5n tr\u00e5get och upp \u00e4r de viktigaste m\u00e5tten. :) Tack p\u00e5 f\u00f6rhand! :D :D :D","inLanguage":"en-US","isPartOf":{"@id":"https:\/\/www.ftteam.com\/blogg\/#website"},"breadcrumb":{"@id":"https:\/\/www.ftteam.com\/blogg\/2010\/04\/03\/forfragan-till-er-lasare-mata-en-b234f\/#breadcrumblist"},"author":{"@id":"https:\/\/www.ftteam.com\/blogg\/author\/admin\/#author"},"creator":{"@id":"https:\/\/www.ftteam.com\/blogg\/author\/admin\/#author"},"datePublished":"2010-04-03T11:57:55+01:00","dateModified":"2010-04-03T11:57:55+01:00"},{"@type":"WebSite","@id":"https:\/\/www.ftteam.com\/blogg\/#website","url":"https:\/\/www.ftteam.com\/blogg\/","name":"FT Racing (Limpans SpeedShop)","description":"The Home for FT Racing","inLanguage":"en-US","publisher":{"@id":"https:\/\/www.ftteam.com\/blogg\/#organization"}}]}},"aioseo_meta_data":{"post_id":"104","title":"M\u00e4ta en B234F?? N\u00e5gon sn\u00e4ll? | #site_title","description":"D\u00e5 jag inte \u00e4ger n\u00e5gon B234F \u00e4n s\u00e5 skulle det vara v\u00e4ldigt trevligt om ngn v\u00e4nlig sj\u00e4l bland er som l\u00e4ser detta och som r\u00e5kar besitta en B234F skulle vilja ta fram tumstocken och m\u00e4ta upp motorn som om den vore rakst\u00e4lld! Bredd \u00f6ver topp, \u00f6ver topp inkl insug, n\u00f6g motorn \u00e4r fr\u00e5n tr\u00e5get och upp \u00e4r de viktigaste m\u00e5tten. :) Tack p\u00e5 f\u00f6rhand! :D :D :D","keywords":[{"label":"b234f","value":"b234f"},{"label":"volvo","value":"volvo"},{"label":"motor","value":"motor"},{"label":"locost","value":"locost"},{"label":"seven. rakst\u00e4lld","value":"seven. rakst\u00e4lld"},{"label":"16V","value":"16V"}],"keyphrases":null,"primary_term":null,"canonical_url":null,"og_title":null,"og_description":null,"og_object_type":"default","og_image_type":"default","og_image_url":null,"og_image_width":null,"og_image_height":null,"og_image_custom_url":null,"og_image_custom_fields":null,"og_video":null,"og_custom_url":null,"og_article_section":null,"og_article_tags":null,"twitter_use_og":false,"twitter_card":"default","twitter_image_type":"default","twitter_image_url":null,"twitter_image_custom_url":null,"twitter_image_custom_fields":null,"twitter_title":null,"twitter_description":null,"schema":{"blockGraphs":[],"customGraphs":[],"default":{"data":{"Article":[],"Course":[],"Dataset":[],"FAQPage":[],"Movie":[],"Person":[],"Product":[],"ProductReview":[],"Car":[],"Recipe":[],"Service":[],"SoftwareApplication":[],"WebPage":[]},"graphName":"","isEnabled":true},"graphs":[]},"schema_type":null,"schema_type_options":null,"pillar_content":false,"robots_default":true,"robots_noindex":false,"robots_noarchive":false,"robots_nosnippet":false,"robots_nofollow":false,"robots_noimageindex":false,"robots_noodp":false,"robots_notranslate":false,"robots_max_snippet":null,"robots_max_videopreview":null,"robots_max_imagepreview":"large","priority":null,"frequency":null,"location":null,"local_seo":null,"breadcrumb_settings":null,"limit_modified_date":false,"ai":null,"created":"2021-02-11 09:43:29","updated":"2025-06-16 09:41:55","seo_analyzer_scan_date":null,"focus_keyword":null,"additional_keywords":null,"truseo_locale":null},"aioseo_breadcrumb":"<div class=\"aioseo-breadcrumbs\"><span class=\"aioseo-breadcrumb\">\n\t\t\t<a href=\"https:\/\/www.ftteam.com\/blogg\" title=\"Home\">Home<\/a>\n\t\t<\/span><span class=\"aioseo-breadcrumb-separator\">&raquo;<\/span><span class=\"aioseo-breadcrumb\">\n\t\t\t<a href=\"https:\/\/www.ftteam.com\/blogg\/category\/bil-nytt\/\" title=\"Bil-Nytt\">Bil-Nytt<\/a>\n\t\t<\/span><span class=\"aioseo-breadcrumb-separator\">&raquo;<\/span><span class=\"aioseo-breadcrumb\">\n\t\t\tF\u00f6rfr\u00e5gan till er l\u00e4sare: M\u00e4ta en B234F???\n\t\t<\/span><\/div>","aioseo_breadcrumb_json":[{"label":"Home","link":"https:\/\/www.ftteam.com\/blogg"},{"label":"Bil-Nytt","link":"https:\/\/www.ftteam.com\/blogg\/category\/bil-nytt\/"},{"label":"F\u00f6rfr\u00e5gan till er l\u00e4sare: M\u00e4ta en B234F???","link":"https:\/\/www.ftteam.com\/blogg\/2010\/04\/03\/forfragan-till-er-lasare-mata-en-b234f\/"}],"jetpack_publicize_connections":[],"jetpack_shortlink":"https:\/\/wp.me\/p4xn6U-1G","jetpack_sharing_enabled":true,"jetpack_likes_enabled":true,"jetpack_featured_media_url":"","_links":{"self":[{"href":"https:\/\/www.ftteam.com\/blogg\/wp-json\/wp\/v2\/posts\/104","targetHints":{"allow":["GET"]}}],"collection":[{"href":"https:\/\/www.ftteam.com\/blogg\/wp-json\/wp\/v2\/posts"}],"about":[{"href":"https:\/\/www.ftteam.com\/blogg\/wp-json\/wp\/v2\/types\/post"}],"author":[{"embeddable":true,"href":"https:\/\/www.ftteam.com\/blogg\/wp-json\/wp\/v2\/users\/1"}],"replies":[{"embeddable":true,"href":"https:\/\/www.ftteam.com\/blogg\/wp-json\/wp\/v2\/comments?post=104"}],"version-history":[{"count":0,"href":"https:\/\/www.ftteam.com\/blogg\/wp-json\/wp\/v2\/posts\/104\/revisions"}],"wp:attachment":[{"href":"https:\/\/www.ftteam.com\/blogg\/wp-json\/wp\/v2\/media?parent=104"}],"wp:term":[{"taxonomy":"category","embeddable":true,"href":"https:\/\/www.ftteam.com\/blogg\/wp-json\/wp\/v2\/categories?post=104"},{"taxonomy":"post_tag","embeddable":true,"href":"https:\/\/www.ftteam.com\/blogg\/wp-json\/wp\/v2\/tags?post=104"}],"curies":[{"name":"wp","href":"https:\/\/api.w.org\/{rel}","templated":true}]}}